{"id":3812,"date":"2022-06-10T11:28:44","date_gmt":"2022-06-10T09:28:44","guid":{"rendered":"https:\/\/coi.opolskie.pl\/?p=3812"},"modified":"2022-06-10T11:28:54","modified_gmt":"2022-06-10T09:28:54","slug":"kolejna-instytucja-dolaczyla-do-porozumienia-iob","status":"publish","type":"post","link":"https:\/\/coi.opolskie.pl\/en\/2022\/06\/10\/kolejna-instytucja-dolaczyla-do-porozumienia-iob\/","title":{"rendered":"Kolejna instytucja do\u0142\u0105czy\u0142a do porozumienia IOB"},"content":{"rendered":"<p><b>Park Naukowo-Technologiczny w Opolu do\u0142\u0105czy\u0142 do porozumienia opolskich instytucji otoczenia biznesu. Wsp\u00f3lnie na rzecz przedsi\u0119biorc\u00f3w dzia\u0142a w nim ju\u017c sze\u015b\u0107 jednostek, organizacji i izb, do kt\u00f3rych nale\u017cy w sumie ponad dwa tysi\u0105ce firm z woj. opolskiego.<\/b><\/p>\n<p><a href=\"https:\/\/coi.opolskie.pl\/wp-content\/uploads\/2022\/06\/iob1.jpg\"><img loading=\"lazy\" decoding=\"async\" class=\"size-medium wp-image-3804 alignleft\" src=\"https:\/\/coi.opolskie.pl\/wp-content\/uploads\/2022\/06\/iob1-300x225.jpg\" alt=\"iob1\" width=\"300\" height=\"225\" srcset=\"https:\/\/coi.opolskie.pl\/wp-content\/uploads\/2022\/06\/iob1-300x225.jpg 300w, https:\/\/coi.opolskie.pl\/wp-content\/uploads\/2022\/06\/iob1-768x576.jpg 768w, https:\/\/coi.opolskie.pl\/wp-content\/uploads\/2022\/06\/iob1.jpg 828w\" sizes=\"auto, (max-width: 300px) 100vw, 300px\" \/><\/a><\/p>\n<p>W\u015br\u00f3d obszar\u00f3w wsp\u00f3lnych dzia\u0142a\u0144 wskazane zosta\u0142y m.in. tworzenie palety us\u0142ug na rzecz firm z wojew\u00f3dztwa opolskiego; wspieranie rozwoju przedsi\u0119biorstw m.in. w obszarze innowacji i promocji nowoczesnych technologii, eksportu, wykorzystania \u015brodk\u00f3w unijnych, optymalizacji proces\u00f3w produkcyjnych, rozwoju zasob\u00f3w ludzkich, sieciowania i tworzenia powi\u0105za\u0144 kooperacyjnych, wzajemne informowanie o trendach, tendencjach i oczekiwaniach przedsi\u0119biorc\u00f3w zrzeszonych lub skupionych przez sygnatariuszy oraz wsp\u00f3ln\u0105 ocen\u0119 efektywno\u015bci podejmowanych dzia\u0142a\u0144 i formu\u0142owanie rekomendacji na przysz\u0142o\u015b\u0107.<\/p>\n<p>\u2013 W praktyce zapisy tego porozumienia przek\u0142adaj\u0105 si\u0119 na regularne spotkania, organizowane raz na kwarta\u0142, podczas kt\u00f3rych wymieniamy si\u0119 informacjami o bie\u017c\u0105cych potrzebach i problemach, z kt\u00f3rymi mierz\u0105 si\u0119 przedsi\u0119biorcy, ustalamy zakres wsp\u00f3\u0142pracy, a tak\u017ce planujemy wsp\u00f3lne dzia\u0142ania i omawiamy te indywidualnie zaplanowane przez izby \u2013 wyja\u015bnia dyrektor OCRG Tomasz Hanzel. \u2013 Ka\u017cda ze zrzeszonych w porozumieniu organizacji realizuje bowiem w\u0142asn\u0105 ofert\u0119 dla swoich cz\u0142onk\u00f3w. Nasz bie\u017c\u0105cy kontakt w ramach porozumienia pozwala ustala\u0107 ich terminy czy tematy tak, by nie kolidowa\u0142y, ale te\u017c czerpa\u0107 z dobrych praktyk, urozmaica\u0107 i wzajemnie inspirowa\u0107.<\/p>\n","protected":false},"excerpt":{"rendered":"<p>Park Naukowo-Technologiczny w Opolu do\u0142\u0105czy\u0142 do porozumienia opolskich instytucji otoczenia biznesu. Wsp\u00f3lnie na rzecz przedsi\u0119biorc\u00f3w dzia\u0142a w nim ju\u017c sze\u015b\u0107 [&hellip;]<\/p>\n","protected":false},"author":9,"featured_media":3808,"comment_status":"open","ping_status":"open","sticky":false,"template":"","format":"standard","meta":{"_acf_changed":false,"_seopress_robots_primary_cat":"none","_seopress_titles_title":"","_seopress_titles_desc":"","_seopress_robots_index":"","footnotes":""},"categories":[2],"tags":[],"class_list":["post-3812","post","type-post","status-publish","format-standard","has-post-thumbnail","hentry","category-aktualnosci"],"acf":[],"_links":{"self":[{"href":"https:\/\/coi.opolskie.pl\/en\/wp-json\/wp\/v2\/posts\/3812","targetHints":{"allow":["GET"]}}],"collection":[{"href":"https:\/\/coi.opolskie.pl\/en\/wp-json\/wp\/v2\/posts"}],"about":[{"href":"https:\/\/coi.opolskie.pl\/en\/wp-json\/wp\/v2\/types\/post"}],"author":[{"embeddable":true,"href":"https:\/\/coi.opolskie.pl\/en\/wp-json\/wp\/v2\/users\/9"}],"replies":[{"embeddable":true,"href":"https:\/\/coi.opolskie.pl\/en\/wp-json\/wp\/v2\/comments?post=3812"}],"version-history":[{"count":2,"href":"https:\/\/coi.opolskie.pl\/en\/wp-json\/wp\/v2\/posts\/3812\/revisions"}],"predecessor-version":[{"id":3816,"href":"https:\/\/coi.opolskie.pl\/en\/wp-json\/wp\/v2\/posts\/3812\/revisions\/3816"}],"wp:featuredmedia":[{"embeddable":true,"href":"https:\/\/coi.opolskie.pl\/en\/wp-json\/wp\/v2\/media\/3808"}],"wp:attachment":[{"href":"https:\/\/coi.opolskie.pl\/en\/wp-json\/wp\/v2\/media?parent=3812"}],"wp:term":[{"taxonomy":"category","embeddable":true,"href":"https:\/\/coi.opolskie.pl\/en\/wp-json\/wp\/v2\/categories?post=3812"},{"taxonomy":"post_tag","embeddable":true,"href":"https:\/\/coi.opolskie.pl\/en\/wp-json\/wp\/v2\/tags?post=3812"}],"curies":[{"name":"wp","href":"https:\/\/api.w.org\/{rel}","templated":true}]}}